{"id":974,"date":"2026-05-18T07:52:01","date_gmt":"2026-05-18T07:52:01","guid":{"rendered":"https:\/\/www.udm.ac.mz\/?p=974"},"modified":"2026-07-17T12:41:50","modified_gmt":"2026-07-17T12:41:50","slug":"974","status":"publish","type":"post","link":"https:\/\/www.udm.ac.mz\/?p=974","title":{"rendered":"CONSELHO ACAD\u00c9MICO DA UDM REFOR\u00c7A COMPROMISSO COM UM ENSINO SUPERIOR INOVADOR E ALINHADO \u00c0S PRIORIDADES NACIONAIS"},"content":{"rendered":"<p>&nbsp;<\/p>\n<p>A Universidade T\u00e9cnica de Mo\u00e7ambique (UDM) realizou, nos dias 08 e 09 de Julho de 2026, mais uma sess\u00e3o do seu Conselho Acad\u00e9mico, reunindo todas as unidades org\u00e2nicas da institui\u00e7\u00e3o para avaliar o desempenho acad\u00e9mico e administrativo, definir prioridades e tra\u00e7ar estrat\u00e9gias para o fortalecimento da qualidade do ensino, da investiga\u00e7\u00e3o cient\u00edfica e da extens\u00e3o universit\u00e1ria.<\/p>\n<p>Um dos momentos centrais do encontro foi a reflex\u00e3o promovida pela Direc\u00e7\u00e3o Acad\u00e9mica em torno dos desafios e perspectivas do ensino superior mo\u00e7ambicano, tomando como refer\u00eancia a interven\u00e7\u00e3o de Sua Excel\u00eancia Daniel Francisco Chapo, Presidente da Rep\u00fablica, na abertura da Confer\u00eancia Nacional do Ensino Superior, realizada a 6 de Julho de 2026, que reuniu reitores e dirigentes das institui\u00e7\u00f5es de ensino superior do pa\u00eds.<\/p>\n<p>Em alinhamento com estas orienta\u00e7\u00f5es, o Conselho analisou medidas para aproximar a investiga\u00e7\u00e3o cient\u00edfica das necessidades das comunidades, fortalecer a liga\u00e7\u00e3o entre a universidade e o sector produtivo, adequar a oferta formativa \u00e0s exig\u00eancias do mercado de trabalho, acelerar a transforma\u00e7\u00e3o digital, potenciar a inova\u00e7\u00e3o e o empreendedorismo e promover uma investiga\u00e7\u00e3o aplicada com impacto no desenvolvimento nacional. Foram igualmente apreciadas propostas relacionadas com novas ofertas formativas, acredita\u00e7\u00e3o de cursos, ensino \u00e0 dist\u00e2ncia, desenvolvimento do corpo docente, expans\u00e3o das infra-estruturas e outras ac\u00e7\u00f5es estrat\u00e9gicas para o pr\u00f3ximo semestre e anos subsequentes.<\/p>\n<p>Com este Conselho Acad\u00e9mico, a UDM reafirma o seu compromisso com a melhoria cont\u00ednua da qualidade do ensino superior, demonstrando que acompanha as prioridades definidas para o sector e transforma essas orienta\u00e7\u00f5es em ac\u00e7\u00f5es concretas para formar profissionais capazes de responder aos desafios do desenvolvimento de Mo\u00e7ambique.<\/p>\n<p><img fetchpriority=\"high\" decoding=\"async\" data-attachment-id=\"1056\" data-permalink=\"https:\/\/www.udm.ac.mz\/?attachment_id=1056\" data-orig-file=\"https:\/\/www.udm.ac.mz\/wp-content\/uploads\/2026\/01\/conselho-2.jpg\" data-orig-size=\"2048,1536\" data-comments-opened=\"1\" data-image-meta=\"{&quot;aperture&quot;:&quot;0&quot;,&quot;credit&quot;:&quot;&quot;,&quot;camera&quot;:&quot;&quot;,&quot;caption&quot;:&quot;&quot;,&quot;created_timestamp&quot;:&quot;0&quot;,&quot;copyright&quot;:&quot;&quot;,&quot;focal_length&quot;:&quot;0&quot;,&quot;iso&quot;:&quot;0&quot;,&quot;shutter_speed&quot;:&quot;0&quot;,&quot;title&quot;:&quot;&quot;,&quot;orientation&quot;:&quot;0&quot;,&quot;alt&quot;:&quot;&quot;}\" data-image-title=\"conselho 2\" data-image-description=\"\" data-image-caption=\"\" data-medium-file=\"https:\/\/www.udm.ac.mz\/wp-content\/uploads\/2026\/01\/conselho-2-300x225.jpg\" data-large-file=\"https:\/\/www.udm.ac.mz\/wp-content\/uploads\/2026\/01\/conselho-2-1024x768.jpg\" class=\"alignnone  wp-image-1056\" src=\"https:\/\/www.udm.ac.mz\/wp-content\/uploads\/2026\/01\/conselho-2-300x225.jpg\" alt=\"\" width=\"648\" height=\"486\" srcset=\"https:\/\/www.udm.ac.mz\/wp-content\/uploads\/2026\/01\/conselho-2-300x225.jpg 300w, https:\/\/www.udm.ac.mz\/wp-content\/uploads\/2026\/01\/conselho-2-1024x768.jpg 1024w, https:\/\/www.udm.ac.mz\/wp-content\/uploads\/2026\/01\/conselho-2-768x576.jpg 768w, https:\/\/www.udm.ac.mz\/wp-content\/uploads\/2026\/01\/conselho-2-1536x1152.jpg 1536w, https:\/\/www.udm.ac.mz\/wp-content\/uploads\/2026\/01\/conselho-2.jpg 2048w\" sizes=\"(max-width: 648px) 100vw, 648px\" \/><img decoding=\"async\" data-attachment-id=\"1055\" data-permalink=\"https:\/\/www.udm.ac.mz\/?attachment_id=1055\" data-orig-file=\"https:\/\/www.udm.ac.mz\/wp-content\/uploads\/2026\/01\/conselho.jpg\" data-orig-size=\"2048,1536\" data-comments-opened=\"1\" data-image-meta=\"{&quot;aperture&quot;:&quot;0&quot;,&quot;credit&quot;:&quot;&quot;,&quot;camera&quot;:&quot;&quot;,&quot;caption&quot;:&quot;&quot;,&quot;created_timestamp&quot;:&quot;0&quot;,&quot;copyright&quot;:&quot;&quot;,&quot;focal_length&quot;:&quot;0&quot;,&quot;iso&quot;:&quot;0&quot;,&quot;shutter_speed&quot;:&quot;0&quot;,&quot;title&quot;:&quot;&quot;,&quot;orientation&quot;:&quot;0&quot;,&quot;alt&quot;:&quot;&quot;}\" data-image-title=\"conselho\" data-image-description=\"\" data-image-caption=\"\" data-medium-file=\"https:\/\/www.udm.ac.mz\/wp-content\/uploads\/2026\/01\/conselho-300x225.jpg\" data-large-file=\"https:\/\/www.udm.ac.mz\/wp-content\/uploads\/2026\/01\/conselho-1024x768.jpg\" class=\"alignnone  wp-image-1055\" src=\"https:\/\/www.udm.ac.mz\/wp-content\/uploads\/2026\/01\/conselho-300x225.jpg\" alt=\"\" width=\"645\" height=\"484\" srcset=\"https:\/\/www.udm.ac.mz\/wp-content\/uploads\/2026\/01\/conselho-300x225.jpg 300w, https:\/\/www.udm.ac.mz\/wp-content\/uploads\/2026\/01\/conselho-1024x768.jpg 1024w, https:\/\/www.udm.ac.mz\/wp-content\/uploads\/2026\/01\/conselho-768x576.jpg 768w, https:\/\/www.udm.ac.mz\/wp-content\/uploads\/2026\/01\/conselho-1536x1152.jpg 1536w, https:\/\/www.udm.ac.mz\/wp-content\/uploads\/2026\/01\/conselho.jpg 2048w\" sizes=\"(max-width: 645px) 100vw, 645px\" \/><\/p>\n","protected":false},"excerpt":{"rendered":"<p>&nbsp; A Universidade T\u00e9cnica de Mo\u00e7ambique (UDM) realizou, nos dias 08 e 09 de Julho de 2026, mais uma sess\u00e3o do seu Conselho Acad\u00e9mico, reunindo todas as unidades org\u00e2nicas da institui\u00e7\u00e3o para avaliar o desempenho acad\u00e9mico e administrativo, definir prioridades e tra\u00e7ar estrat\u00e9gias para o fortalecimento da qualidade do ensino, da investiga\u00e7\u00e3o cient\u00edfica e da [&hellip;]<\/p>\n","protected":false},"author":1,"featured_media":1058,"comment_status":"open","ping_status":"open","sticky":false,"template":"","format":"standard","meta":{"_jetpack_memberships_contains_paid_content":false,"footnotes":""},"categories":[1],"tags":[],"class_list":["post-974","post","type-post","status-publish","format-standard","has-post-thumbnail","hentry","category-uncategorized"],"jetpack_featured_media_url":"https:\/\/www.udm.ac.mz\/wp-content\/uploads\/2026\/06\/conselho-3.jpg","jetpack_sharing_enabled":true,"_links":{"self":[{"href":"https:\/\/www.udm.ac.mz\/index.php?rest_route=\/wp\/v2\/posts\/974","targetHints":{"allow":["GET"]}}],"collection":[{"href":"https:\/\/www.udm.ac.mz\/index.php?rest_route=\/wp\/v2\/posts"}],"about":[{"href":"https:\/\/www.udm.ac.mz\/index.php?rest_route=\/wp\/v2\/types\/post"}],"author":[{"embeddable":true,"href":"https:\/\/www.udm.ac.mz\/index.php?rest_route=\/wp\/v2\/users\/1"}],"replies":[{"embeddable":true,"href":"https:\/\/www.udm.ac.mz\/index.php?rest_route=%2Fwp%2Fv2%2Fcomments&post=974"}],"version-history":[{"count":7,"href":"https:\/\/www.udm.ac.mz\/index.php?rest_route=\/wp\/v2\/posts\/974\/revisions"}],"predecessor-version":[{"id":1080,"href":"https:\/\/www.udm.ac.mz\/index.php?rest_route=\/wp\/v2\/posts\/974\/revisions\/1080"}],"wp:featuredmedia":[{"embeddable":true,"href":"https:\/\/www.udm.ac.mz\/index.php?rest_route=\/wp\/v2\/media\/1058"}],"wp:attachment":[{"href":"https:\/\/www.udm.ac.mz\/index.php?rest_route=%2Fwp%2Fv2%2Fmedia&parent=974"}],"wp:term":[{"taxonomy":"category","embeddable":true,"href":"https:\/\/www.udm.ac.mz\/index.php?rest_route=%2Fwp%2Fv2%2Fcategories&post=974"},{"taxonomy":"post_tag","embeddable":true,"href":"https:\/\/www.udm.ac.mz\/index.php?rest_route=%2Fwp%2Fv2%2Ftags&post=974"}],"curies":[{"name":"wp","href":"https:\/\/api.w.org\/{rel}","templated":true}]}}